{"id":260,"date":"2020-07-09T17:26:45","date_gmt":"2020-07-09T21:26:45","guid":{"rendered":"https:\/\/ai4good-lab.local\/2020\/07\/09\/the-value-of-ai-its-challenges-and-the-future-ai4good-lab-2020-speaker-series-retrospective\/"},"modified":"2022-10-25T15:21:54","modified_gmt":"2022-10-25T19:21:54","slug":"the-value-of-ai-its-challenges-and-the-future-ai4good-lab-2020-speaker-series-retrospective","status":"publish","type":"post","link":"https:\/\/www.ai4goodlab.com\/fr\/news\/2020\/07\/09\/the-value-of-ai-its-challenges-and-the-future-ai4good-lab-2020-speaker-series-retrospective\/","title":{"rendered":"The Value of AI, its Challenges and the Future: AI4Good Lab 2020 Speaker Series Retrospective"},"content":{"rendered":"\n\n\t<p>As we enter the Prototype Development phase of our curriculum, we would like to reflect on the progress in Machine Learning achieved by our students over the last four weeks and acknowledge those who supported their journey.<\/p>\n<p>While math and coding are critical to AI education, we also need context to drive impact. The AI4Good Lab had the privilege of inviting eleven leaders to take part in our Speaker Series. They shared cutting-edge research, raised questions about ethical AI, showed how AI is being used today, and how we are preparing to use it for tomorrow.<\/p>\n<p>These talks drew the trainees into the real-life applications of AI, and helped spark their imaginations towards development of their AI prototypes for social good. Now that the trainees are actively developing their projects, we are excited to see the culmination of their work as inspired by our speakers in our final Demo Day on July 28th.<\/p>\n<p>We give a heartfelt thanks to all of our speakers from our three series who are helping inspire the next generation of AI leadership.<\/p>\n<h2>INDUSTRY SPEAKERS<\/h2>\n<p><em>Our industry partners gave key insight into how AI is understood, developed, and implemented in a business model.<\/em><\/p>\n<p><strong>Interning at DeepMind<\/strong><\/p>\n<ul>\n<li>Abby Pounder<\/li>\n<li>Research Scientist Internships<\/li>\n<li>Ellen Roche<\/li>\n<li>Engineering Internships<\/li>\n<li>DeepMind<\/li>\n<\/ul>\n<p><strong>Computer Vision, and Accountability<\/strong><\/p>\n<ul>\n<li>Dr. Negar Rostamzade<\/li>\n<li>Research Scientist, Ethical AI team<\/li>\n<li>Google Brain<\/li>\n<\/ul>\n<p><strong>AI and the Future of Work<\/strong><\/p>\n<ul>\n<li>Jodie Wallis<\/li>\n<li>Managing Director for Applied Intelligence<\/li>\n<li>Accenture Canada<\/li>\n<\/ul>\n<p><strong>Modern NLP: Data Challenges<\/strong><\/p>\n<ul>\n<li>Dr. Layla El Asri<\/li>\n<li>Research Team Lead<\/li>\n<li>Borealis AI<\/li>\n<\/ul>\n<p><strong>Design Thinking Workshop<\/strong><\/p>\n<ul>\n<li>Vincent Theriault<\/li>\n<li>IBM iX Qu\u00e9bec Leader<\/li>\n<li>IBM<\/li>\n<\/ul>\n<h2><strong>GUEST RESEARCHERS<\/strong><\/h2>\n<p><em>Academic researchers and University professors who came to share frontier research in AI.<\/em><\/p>\n<p><strong>Reproducible, Reusable, and Robust Reinforcement Learning<\/strong><\/p>\nDr. Joelle Pineau<br \/>\nFaculty member at Mila, Associate Professor and William Dawson Scholar at the School of Computer Science at McGill, co-Director of the Reasoning and Learning Lab, co-Managing Director of Facebook AI Research\n<p><strong>Fair Decision Making in Multiagent Systems: Designing Algorithms with Humans in Mind<\/strong><\/p>\nDr. Kate Larson<br \/>\nProfessor in the Cheriton School of Computer Science<br \/>\nUniversity of Waterloo\n<p><strong>AI for Good: Computer Science Helping the World<\/strong><\/p>\nDr. Maria Gini<br \/>\nCSE Distinguished Professor, Department of Computer Science and Engineering<br \/>\nUniversity of Minnesota\n<p><strong>(The Many Faces of) Generalization <\/strong><\/p>\nDr. Martha White<br \/>\nAssociate Professor Department of Computing Science, University of Alberta, Member of RLAI and PI of AMII<br \/>\nUniversity of Alberta\n<h3><strong>SOCIAL GOOD SPEAKERS<\/strong><\/h3>\n<p><em>Social good innovators who shared their work in promoting AI built for bettering society.<\/em><\/p>\n<p><strong>Mining Connections to Understand Complex Societies and Markets<\/strong><\/p>\nDr. Reihanah Rabbany<br \/>\nCanada CIFAR AI Chair, Mila, Assistant Professor School of Computer Science McGill University<br \/>\nAayushi Kulshrestha<br \/>\nMaster Thesis Student, McGill University\n<p><strong>Social Entrepreneurship &amp; AI<\/strong><\/p>\nBonnie Chiu<br \/>\nCo-founder &amp; CEO<br \/>\nHumanity Data Systems\n<p><strong>AI Ethics Workshop<\/strong><\/p>\nAbhishek Gupta<br \/>\nFounder of Montreal AI Ethics Institute (MAEI), Machine Learning Engineer at Microsoft (CSE Responsible AI Board)\n<p><em>Facilitators: <\/em>Allison Cohen, Camylle Lanteigne, Erick Galinkin<\/p>\n\n","protected":false},"excerpt":{"rendered":"<p>As we enter the Prototype Development phase of our curriculum, we would like to reflect on the progress in Machine Learning achieved by&#8230;<\/p>\n","protected":false},"author":4,"featured_media":259,"comment_status":"closed","ping_status":"open","sticky":false,"template":"","format":"standard","meta":{"inline_featured_image":false,"footnotes":""},"categories":[24,23],"tags":[],"class_list":["post-260","post","type-post","status-publish","format-standard","has-post-thumbnail","hentry","category-announcements","category-news"],"yoast_head":"<!-- This site is optimized with the Yoast SEO plugin v27.5 - https:\/\/yoast.com\/product\/yoast-seo-wordpress\/ -->\n<title>The Value of AI, its Challenges and the Future: AI4Good Lab 2020 Speaker Series Retrospective - AI4Good Lab<\/title>\n<meta name=\"robots\" content=\"index, follow, max-snippet:-1, max-image-preview:large, max-video-preview:-1\" \/>\n<link rel=\"canonical\" href=\"https:\/\/www.ai4goodlab.com\/fr\/news\/2020\/07\/09\/the-value-of-ai-its-challenges-and-the-future-ai4good-lab-2020-speaker-series-retrospective\/\" \/>\n<meta property=\"og:locale\" content=\"fr_FR\" \/>\n<meta property=\"og:type\" content=\"article\" \/>\n<meta property=\"og:title\" content=\"The Value of AI, its Challenges and the Future: AI4Good Lab 2020 Speaker Series Retrospective - AI4Good Lab\" \/>\n<meta property=\"og:description\" content=\"As we enter the Prototype Development phase of our curriculum, we would like to reflect on the progress in Machine Learning achieved by...\" \/>\n<meta property=\"og:url\" content=\"https:\/\/www.ai4goodlab.com\/fr\/news\/2020\/07\/09\/the-value-of-ai-its-challenges-and-the-future-ai4good-lab-2020-speaker-series-retrospective\/\" \/>\n<meta property=\"og:site_name\" content=\"AI4Good Lab\" \/>\n<meta property=\"article:published_time\" content=\"2020-07-09T21:26:45+00:00\" \/>\n<meta property=\"article:modified_time\" content=\"2022-10-25T19:21:54+00:00\" \/>\n<meta property=\"og:image\" content=\"https:\/\/www.ai4goodlab.com\/wp-content\/uploads\/2021\/11\/58_file.png\" \/>\n\t<meta property=\"og:image:width\" content=\"1000\" \/>\n\t<meta property=\"og:image:height\" content=\"537\" \/>\n\t<meta property=\"og:image:type\" content=\"image\/png\" \/>\n<meta name=\"author\" content=\"Christina Isaicu\" \/>\n<meta name=\"twitter:card\" content=\"summary_large_image\" \/>\n<meta name=\"twitter:label1\" content=\"\u00c9crit par\" \/>\n\t<meta name=\"twitter:data1\" content=\"Christina Isaicu\" \/>\n\t<meta name=\"twitter:label2\" content=\"Dur\u00e9e de lecture estim\u00e9e\" \/>\n\t<meta name=\"twitter:data2\" content=\"3 minutes\" \/>\n<script type=\"application\/ld+json\" class=\"yoast-schema-graph\">{\"@context\":\"https:\\\/\\\/schema.org\",\"@graph\":[{\"@type\":\"Article\",\"@id\":\"https:\\\/\\\/www.ai4goodlab.com\\\/fr\\\/news\\\/2020\\\/07\\\/09\\\/the-value-of-ai-its-challenges-and-the-future-ai4good-lab-2020-speaker-series-retrospective\\\/#article\",\"isPartOf\":{\"@id\":\"https:\\\/\\\/www.ai4goodlab.com\\\/fr\\\/news\\\/2020\\\/07\\\/09\\\/the-value-of-ai-its-challenges-and-the-future-ai4good-lab-2020-speaker-series-retrospective\\\/\"},\"author\":{\"name\":\"Christina Isaicu\",\"@id\":\"https:\\\/\\\/www.ai4goodlab.com\\\/fr\\\/#\\\/schema\\\/person\\\/6dcfa80729f00b309fff77ce305971ad\"},\"headline\":\"The Value of AI, its Challenges and the Future: AI4Good Lab 2020 Speaker Series Retrospective\",\"datePublished\":\"2020-07-09T21:26:45+00:00\",\"dateModified\":\"2022-10-25T19:21:54+00:00\",\"mainEntityOfPage\":{\"@id\":\"https:\\\/\\\/www.ai4goodlab.com\\\/fr\\\/news\\\/2020\\\/07\\\/09\\\/the-value-of-ai-its-challenges-and-the-future-ai4good-lab-2020-speaker-series-retrospective\\\/\"},\"wordCount\":498,\"image\":{\"@id\":\"https:\\\/\\\/www.ai4goodlab.com\\\/fr\\\/news\\\/2020\\\/07\\\/09\\\/the-value-of-ai-its-challenges-and-the-future-ai4good-lab-2020-speaker-series-retrospective\\\/#primaryimage\"},\"thumbnailUrl\":\"https:\\\/\\\/www.ai4goodlab.com\\\/wp-content\\\/uploads\\\/2021\\\/11\\\/58_file.png\",\"articleSection\":[\"Announcements\",\"News\"],\"inLanguage\":\"fr-FR\"},{\"@type\":\"WebPage\",\"@id\":\"https:\\\/\\\/www.ai4goodlab.com\\\/fr\\\/news\\\/2020\\\/07\\\/09\\\/the-value-of-ai-its-challenges-and-the-future-ai4good-lab-2020-speaker-series-retrospective\\\/\",\"url\":\"https:\\\/\\\/www.ai4goodlab.com\\\/fr\\\/news\\\/2020\\\/07\\\/09\\\/the-value-of-ai-its-challenges-and-the-future-ai4good-lab-2020-speaker-series-retrospective\\\/\",\"name\":\"The Value of AI, its Challenges and the Future: AI4Good Lab 2020 Speaker Series Retrospective - AI4Good Lab\",\"isPartOf\":{\"@id\":\"https:\\\/\\\/www.ai4goodlab.com\\\/fr\\\/#website\"},\"primaryImageOfPage\":{\"@id\":\"https:\\\/\\\/www.ai4goodlab.com\\\/fr\\\/news\\\/2020\\\/07\\\/09\\\/the-value-of-ai-its-challenges-and-the-future-ai4good-lab-2020-speaker-series-retrospective\\\/#primaryimage\"},\"image\":{\"@id\":\"https:\\\/\\\/www.ai4goodlab.com\\\/fr\\\/news\\\/2020\\\/07\\\/09\\\/the-value-of-ai-its-challenges-and-the-future-ai4good-lab-2020-speaker-series-retrospective\\\/#primaryimage\"},\"thumbnailUrl\":\"https:\\\/\\\/www.ai4goodlab.com\\\/wp-content\\\/uploads\\\/2021\\\/11\\\/58_file.png\",\"datePublished\":\"2020-07-09T21:26:45+00:00\",\"dateModified\":\"2022-10-25T19:21:54+00:00\",\"author\":{\"@id\":\"https:\\\/\\\/www.ai4goodlab.com\\\/fr\\\/#\\\/schema\\\/person\\\/6dcfa80729f00b309fff77ce305971ad\"},\"breadcrumb\":{\"@id\":\"https:\\\/\\\/www.ai4goodlab.com\\\/fr\\\/news\\\/2020\\\/07\\\/09\\\/the-value-of-ai-its-challenges-and-the-future-ai4good-lab-2020-speaker-series-retrospective\\\/#breadcrumb\"},\"inLanguage\":\"fr-FR\",\"potentialAction\":[{\"@type\":\"ReadAction\",\"target\":[\"https:\\\/\\\/www.ai4goodlab.com\\\/fr\\\/news\\\/2020\\\/07\\\/09\\\/the-value-of-ai-its-challenges-and-the-future-ai4good-lab-2020-speaker-series-retrospective\\\/\"]}]},{\"@type\":\"ImageObject\",\"inLanguage\":\"fr-FR\",\"@id\":\"https:\\\/\\\/www.ai4goodlab.com\\\/fr\\\/news\\\/2020\\\/07\\\/09\\\/the-value-of-ai-its-challenges-and-the-future-ai4good-lab-2020-speaker-series-retrospective\\\/#primaryimage\",\"url\":\"https:\\\/\\\/www.ai4goodlab.com\\\/wp-content\\\/uploads\\\/2021\\\/11\\\/58_file.png\",\"contentUrl\":\"https:\\\/\\\/www.ai4goodlab.com\\\/wp-content\\\/uploads\\\/2021\\\/11\\\/58_file.png\",\"width\":1000,\"height\":537,\"caption\":\"AI4Good Speaker Series\"},{\"@type\":\"BreadcrumbList\",\"@id\":\"https:\\\/\\\/www.ai4goodlab.com\\\/fr\\\/news\\\/2020\\\/07\\\/09\\\/the-value-of-ai-its-challenges-and-the-future-ai4good-lab-2020-speaker-series-retrospective\\\/#breadcrumb\",\"itemListElement\":[{\"@type\":\"ListItem\",\"position\":1,\"name\":\"Home\",\"item\":\"https:\\\/\\\/www.ai4goodlab.com\\\/fr\\\/\"},{\"@type\":\"ListItem\",\"position\":2,\"name\":\"The Value of AI, its Challenges and the Future: AI4Good Lab 2020 Speaker Series Retrospective\"}]},{\"@type\":\"WebSite\",\"@id\":\"https:\\\/\\\/www.ai4goodlab.com\\\/fr\\\/#website\",\"url\":\"https:\\\/\\\/www.ai4goodlab.com\\\/fr\\\/\",\"name\":\"AI4Good Lab\",\"description\":\"We train and mentor women to succeed in AI\",\"potentialAction\":[{\"@type\":\"SearchAction\",\"target\":{\"@type\":\"EntryPoint\",\"urlTemplate\":\"https:\\\/\\\/www.ai4goodlab.com\\\/fr\\\/?s={search_term_string}\"},\"query-input\":{\"@type\":\"PropertyValueSpecification\",\"valueRequired\":true,\"valueName\":\"search_term_string\"}}],\"inLanguage\":\"fr-FR\"},{\"@type\":\"Person\",\"@id\":\"https:\\\/\\\/www.ai4goodlab.com\\\/fr\\\/#\\\/schema\\\/person\\\/6dcfa80729f00b309fff77ce305971ad\",\"name\":\"Christina Isaicu\",\"url\":\"https:\\\/\\\/www.ai4goodlab.com\\\/fr\\\/author\\\/christina\\\/\"}]}<\/script>\n<!-- \/ Yoast SEO plugin. -->","yoast_head_json":{"title":"The Value of AI, its Challenges and the Future: AI4Good Lab 2020 Speaker Series Retrospective - AI4Good Lab","robots":{"index":"index","follow":"follow","max-snippet":"max-snippet:-1","max-image-preview":"max-image-preview:large","max-video-preview":"max-video-preview:-1"},"canonical":"https:\/\/www.ai4goodlab.com\/fr\/news\/2020\/07\/09\/the-value-of-ai-its-challenges-and-the-future-ai4good-lab-2020-speaker-series-retrospective\/","og_locale":"fr_FR","og_type":"article","og_title":"The Value of AI, its Challenges and the Future: AI4Good Lab 2020 Speaker Series Retrospective - AI4Good Lab","og_description":"As we enter the Prototype Development phase of our curriculum, we would like to reflect on the progress in Machine Learning achieved by...","og_url":"https:\/\/www.ai4goodlab.com\/fr\/news\/2020\/07\/09\/the-value-of-ai-its-challenges-and-the-future-ai4good-lab-2020-speaker-series-retrospective\/","og_site_name":"AI4Good Lab","article_published_time":"2020-07-09T21:26:45+00:00","article_modified_time":"2022-10-25T19:21:54+00:00","og_image":[{"width":1000,"height":537,"url":"https:\/\/www.ai4goodlab.com\/wp-content\/uploads\/2021\/11\/58_file.png","type":"image\/png"}],"author":"Christina Isaicu","twitter_card":"summary_large_image","twitter_misc":{"\u00c9crit par":"Christina Isaicu","Dur\u00e9e de lecture estim\u00e9e":"3 minutes"},"schema":{"@context":"https:\/\/schema.org","@graph":[{"@type":"Article","@id":"https:\/\/www.ai4goodlab.com\/fr\/news\/2020\/07\/09\/the-value-of-ai-its-challenges-and-the-future-ai4good-lab-2020-speaker-series-retrospective\/#article","isPartOf":{"@id":"https:\/\/www.ai4goodlab.com\/fr\/news\/2020\/07\/09\/the-value-of-ai-its-challenges-and-the-future-ai4good-lab-2020-speaker-series-retrospective\/"},"author":{"name":"Christina Isaicu","@id":"https:\/\/www.ai4goodlab.com\/fr\/#\/schema\/person\/6dcfa80729f00b309fff77ce305971ad"},"headline":"The Value of AI, its Challenges and the Future: AI4Good Lab 2020 Speaker Series Retrospective","datePublished":"2020-07-09T21:26:45+00:00","dateModified":"2022-10-25T19:21:54+00:00","mainEntityOfPage":{"@id":"https:\/\/www.ai4goodlab.com\/fr\/news\/2020\/07\/09\/the-value-of-ai-its-challenges-and-the-future-ai4good-lab-2020-speaker-series-retrospective\/"},"wordCount":498,"image":{"@id":"https:\/\/www.ai4goodlab.com\/fr\/news\/2020\/07\/09\/the-value-of-ai-its-challenges-and-the-future-ai4good-lab-2020-speaker-series-retrospective\/#primaryimage"},"thumbnailUrl":"https:\/\/www.ai4goodlab.com\/wp-content\/uploads\/2021\/11\/58_file.png","articleSection":["Announcements","News"],"inLanguage":"fr-FR"},{"@type":"WebPage","@id":"https:\/\/www.ai4goodlab.com\/fr\/news\/2020\/07\/09\/the-value-of-ai-its-challenges-and-the-future-ai4good-lab-2020-speaker-series-retrospective\/","url":"https:\/\/www.ai4goodlab.com\/fr\/news\/2020\/07\/09\/the-value-of-ai-its-challenges-and-the-future-ai4good-lab-2020-speaker-series-retrospective\/","name":"The Value of AI, its Challenges and the Future: AI4Good Lab 2020 Speaker Series Retrospective - AI4Good Lab","isPartOf":{"@id":"https:\/\/www.ai4goodlab.com\/fr\/#website"},"primaryImageOfPage":{"@id":"https:\/\/www.ai4goodlab.com\/fr\/news\/2020\/07\/09\/the-value-of-ai-its-challenges-and-the-future-ai4good-lab-2020-speaker-series-retrospective\/#primaryimage"},"image":{"@id":"https:\/\/www.ai4goodlab.com\/fr\/news\/2020\/07\/09\/the-value-of-ai-its-challenges-and-the-future-ai4good-lab-2020-speaker-series-retrospective\/#primaryimage"},"thumbnailUrl":"https:\/\/www.ai4goodlab.com\/wp-content\/uploads\/2021\/11\/58_file.png","datePublished":"2020-07-09T21:26:45+00:00","dateModified":"2022-10-25T19:21:54+00:00","author":{"@id":"https:\/\/www.ai4goodlab.com\/fr\/#\/schema\/person\/6dcfa80729f00b309fff77ce305971ad"},"breadcrumb":{"@id":"https:\/\/www.ai4goodlab.com\/fr\/news\/2020\/07\/09\/the-value-of-ai-its-challenges-and-the-future-ai4good-lab-2020-speaker-series-retrospective\/#breadcrumb"},"inLanguage":"fr-FR","potentialAction":[{"@type":"ReadAction","target":["https:\/\/www.ai4goodlab.com\/fr\/news\/2020\/07\/09\/the-value-of-ai-its-challenges-and-the-future-ai4good-lab-2020-speaker-series-retrospective\/"]}]},{"@type":"ImageObject","inLanguage":"fr-FR","@id":"https:\/\/www.ai4goodlab.com\/fr\/news\/2020\/07\/09\/the-value-of-ai-its-challenges-and-the-future-ai4good-lab-2020-speaker-series-retrospective\/#primaryimage","url":"https:\/\/www.ai4goodlab.com\/wp-content\/uploads\/2021\/11\/58_file.png","contentUrl":"https:\/\/www.ai4goodlab.com\/wp-content\/uploads\/2021\/11\/58_file.png","width":1000,"height":537,"caption":"AI4Good Speaker Series"},{"@type":"BreadcrumbList","@id":"https:\/\/www.ai4goodlab.com\/fr\/news\/2020\/07\/09\/the-value-of-ai-its-challenges-and-the-future-ai4good-lab-2020-speaker-series-retrospective\/#breadcrumb","itemListElement":[{"@type":"ListItem","position":1,"name":"Home","item":"https:\/\/www.ai4goodlab.com\/fr\/"},{"@type":"ListItem","position":2,"name":"The Value of AI, its Challenges and the Future: AI4Good Lab 2020 Speaker Series Retrospective"}]},{"@type":"WebSite","@id":"https:\/\/www.ai4goodlab.com\/fr\/#website","url":"https:\/\/www.ai4goodlab.com\/fr\/","name":"AI4Good Lab","description":"We train and mentor women to succeed in AI","potentialAction":[{"@type":"SearchAction","target":{"@type":"EntryPoint","urlTemplate":"https:\/\/www.ai4goodlab.com\/fr\/?s={search_term_string}"},"query-input":{"@type":"PropertyValueSpecification","valueRequired":true,"valueName":"search_term_string"}}],"inLanguage":"fr-FR"},{"@type":"Person","@id":"https:\/\/www.ai4goodlab.com\/fr\/#\/schema\/person\/6dcfa80729f00b309fff77ce305971ad","name":"Christina Isaicu","url":"https:\/\/www.ai4goodlab.com\/fr\/author\/christina\/"}]}},"_links":{"self":[{"href":"https:\/\/www.ai4goodlab.com\/fr\/wp-json\/wp\/v2\/posts\/260","targetHints":{"allow":["GET"]}}],"collection":[{"href":"https:\/\/www.ai4goodlab.com\/fr\/wp-json\/wp\/v2\/posts"}],"about":[{"href":"https:\/\/www.ai4goodlab.com\/fr\/wp-json\/wp\/v2\/types\/post"}],"author":[{"embeddable":true,"href":"https:\/\/www.ai4goodlab.com\/fr\/wp-json\/wp\/v2\/users\/4"}],"replies":[{"embeddable":true,"href":"https:\/\/www.ai4goodlab.com\/fr\/wp-json\/wp\/v2\/comments?post=260"}],"version-history":[{"count":0,"href":"https:\/\/www.ai4goodlab.com\/fr\/wp-json\/wp\/v2\/posts\/260\/revisions"}],"wp:featuredmedia":[{"embeddable":true,"href":"https:\/\/www.ai4goodlab.com\/fr\/wp-json\/wp\/v2\/media\/259"}],"wp:attachment":[{"href":"https:\/\/www.ai4goodlab.com\/fr\/wp-json\/wp\/v2\/media?parent=260"}],"wp:term":[{"taxonomy":"category","embeddable":true,"href":"https:\/\/www.ai4goodlab.com\/fr\/wp-json\/wp\/v2\/categories?post=260"},{"taxonomy":"post_tag","embeddable":true,"href":"https:\/\/www.ai4goodlab.com\/fr\/wp-json\/wp\/v2\/tags?post=260"}],"curies":[{"name":"wp","href":"https:\/\/api.w.org\/{rel}","templated":true}]}}