{"id":6305,"date":"2023-06-22T18:09:04","date_gmt":"2023-06-22T22:09:04","guid":{"rendered":"https:\/\/www.ai4goodlab.com\/?p=6174"},"modified":"2023-07-14T11:34:58","modified_gmt":"2023-07-14T15:34:58","slug":"ai4good-lab-2023-15-ai-prototypes-to-change-the-world","status":"publish","type":"post","link":"https:\/\/www.ai4goodlab.com\/fr\/news\/announcements\/2023\/06\/22\/ai4good-lab-2023-15-ai-prototypes-to-change-the-world\/","title":{"rendered":"AI4Good Lab 2023: 15 AI prototypes to change the\u00a0world"},"content":{"rendered":"\n<p>On June 20th, 2023, 80 trainees who participated in the AI4Good Lab initiative, which aims to make AI education more inclusive, presented at Mila the 15&nbsp;machine learning prototypes they built over three weeks, applying knowledge gained from the program&rsquo;s curriculum and exploring how AI can be used to address societal challenges.<\/p>\n<p>Each team presented their project to over 150&nbsp;attendees during Demo Day, the culmination of 7&nbsp;weeks of dedicated work bringing together numerous teaching assistants, lecturers, speakers, mentors, sponsors, and experts who supported the year&rsquo;s cohort of future leaders as they encountered technical and ethical challenges along the&nbsp;way.<\/p>\n<p>Beyond machine learning lectures, trainees also attended talks and workshops designed to showcase real-life applications of AI and put their knowledge into practice.<\/p>\n<p>Topics included responsible AI, privacy, entrepreneurship, and trainees attended a panel with the team developing <a href=\"https:\/\/mila.quebec\/en\/project\/biasly\/\" target=\"_blank\" rel=\"noopener\">Biasly<\/a>, a project that started at the AI4Good Lab in 2018 that is now run at Mila. They also piloted the Indigenous AI module developed on behalf of CIFAR, learned about Mila&rsquo;s First Languages AI Reality (FLAIR) project, and took part in practical workshops designed to guide them through the critical steps of building a machine learning prototype as a&nbsp;team.<\/p>\n<p>From health to environment to Indigenous languages, trainees identified global issues and worked in teams to build solutions to address them. They designed AI systems to help with reducing food waste, recycling and disposing of garbage more effectively, to suggest which plants would be more suitable to certain urban environments or to help make more responsible AI design decisions. They also built apps to foster Indigenous language communications, help tackle biased and problematic online content, and analyze ultrasound in real time to better care for expectant mothers.<\/p>\n<p>The team behind the BiodiversCity project shared reflections on their time at the Lab: \u00ab\u00a0Being a part of the AI4Good Lab has been a truly amazing experience. Each of us came into the program with our own set of worries: how to make friends, whether our backgrounds were sufficient, and whether it would even be possible to create a real machine learning project. What a pleasant surprise to arrive and find that every person in the Lab was friendly and working hard to make it&nbsp;fun\u00a0\u00bb<\/p>\n<p>Dhwani Patel, who participated in the SafeT.First project in Montreal, said: \u00ab\u00a0AI4GoodLab&rsquo;s experience has been a game-changer in my professional journey. From insightful workshops on AI\/ML to invaluable networking opportunities and the hands-on project experience has opened a wide range of career opportunities. It has not only provided a strong foundation but also fueled my growth, inspiring me to reach new heights in the field of AI. AI4GoodLab is the perfect place to kickstart your career and embark on a transformative journey of learning, development, and endless possibilities.\u00a0\u00bb<\/p>\n<p>Christina Isaicu, main organizer of AI4Good Lab at Mila, said that the whole point of the event is for trainees to feel like they&nbsp;belong.<\/p>\n<p>\u00ab\u00a0The people who are affected by these tools need to have a hand in shaping them,\u00a0\u00bb she&nbsp;said.<\/p>\n<p>\u00ab\u00a0There is a pressing need to have a wealth of perspectives in the field of AI, from disciplinary backgrounds to gender, race, sexuality, ability, class, and a multitude more of experiences and their intersections,\u00a0\u00bb she&nbsp;added.<\/p>\n<p>More details about the projects are available at <a href=\"https:\/\/www.ai4goodlab.com\/projects\/\">ai4goodlab.com\/projects<\/a> and winners will write deep-dive blog posts at <a href=\"https:\/\/www.ai4goodlab.com\/news\/\">ai4goodlab.com\/news<\/a> this&nbsp;fall.<\/p>\n<p><strong>Here are the lecturers, speakers, mentors and TAs that made the 2023 edition of the Lab a&nbsp;success.<\/strong><\/p>\n\t<h2>Converging to Montreal.<\/h2>\n<p>This was the first year that <a href=\"https:\/\/mila.quebec\/en\/\" target=\"_blank\" rel=\"noopener\">Mila &#8211; Quebec AI Institute<\/a> was running operations and the Montr\u00e9al program following AI4GoodLab&rsquo;s integration in January&nbsp;2023. The program was delivered online and in person in 3 Canadian cities: Montr\u00e9al at <a href=\"https:\/\/mila.quebec\/en\/\" target=\"_blank\" rel=\"noopener\">Mila<\/a>, Edmonton, in partnership with <a href=\"https:\/\/www.amii.ca\/\" target=\"_blank\" rel=\"noopener\">Amii<\/a> and Toronto, in partnership with <a href=\"https:\/\/cifar.ca\/\" target=\"_blank\" rel=\"noopener\">CIFAR<\/a> and <a href=\"https:\/\/vectorinstitute.ai\/\" target=\"_blank\" rel=\"noopener\">Vector Institute<\/a> with in-kind contribution from the <a href=\"https:\/\/www.torontomu.ca\/zone-learning\/design-fabrication-zone\/\" target=\"_blank\" rel=\"noopener\">Design Fabrication Zone<\/a> (DFZ) at Toronto Metropolitan University.<\/p>\n<p>This year&rsquo;s event was a turning point for the AI4Good Lab: the return to in-person activities through a fully hybrid program delivery allowed trainees to foster meaningful connections and physically collaborate again. It was represented across 7&nbsp;provinces and 29&nbsp;universities as part of its commitment to the pan-Canadian AI strategy to increase training in AI across the&nbsp;country.<\/p>\n<p>The Lab&rsquo;s founding partners, <a href=\"https:\/\/cifar.ca\/\" target=\"_blank\" rel=\"noopener\">CIFAR<\/a> and <a href=\"https:\/\/osmomtl.org\/\" target=\"_blank\" rel=\"noopener\">OSMO<\/a>, provide the funding for the program that enables the Lab to continue growing this supportive community.<\/p>\n<p>We also thank our delivery partners <a href=\"https:\/\/www.amii.ca\/\" target=\"_blank\" rel=\"noopener\">Amii<\/a>, <a href=\"https:\/\/vectorinstitute.ai\/\" target=\"_blank\" rel=\"noopener\">Vector Institute<\/a> and <a href=\"https:\/\/www.torontomu.ca\/zone-learning\/design-fabrication-zone\/\" target=\"_blank\" rel=\"noopener\">Design Fabrication Zone<\/a>, our title sponsors <a href=\"https:\/\/deepmind.com\/\" target=\"_blank\" rel=\"noopener\">DeepMind<\/a> and <a href=\"https:\/\/ivado.ca\/\" target=\"_blank\" rel=\"noopener\">IVADO<\/a>, and our Key Sponsor,&nbsp;<a href=\"https:\/\/www.manulife.ca\/\" target=\"_blank\" rel=\"noopener\">Manuvie<\/a>.<\/p>\n\t<h2>The Accelerator Award.<\/h2>\n<p>One team from each cohort was selected for the Accelerator Award, an opportunity to extend the project with continued support from the Lab network.<\/p>\n<h3>Evaluation Criteria<\/h3>\n<p>Evaluation was based on three criteria critical to the Lab&rsquo;s mission.<\/p>\n<p><strong>Innovation.<\/strong> Does this change existing methods of interacting with the world?<\/p>\n<p><strong>Impact.<\/strong> Does this fundamentally improve society or the world at large?<\/p>\n<p><strong>Feasibility.<\/strong> Would this project benefit from additional support?<\/p>\n<h3>Award Judges<\/h3>\n<p><strong>Edmonton Judges<\/strong><\/p>\n<ul> \t\n<li>Tinotenda Matsika, Queen&rsquo;s University, TA<\/li>\n\n<li>Anna Richter, Mila, Mentor<\/li>\n\n<li>Maithrreye Srinivasan, Amii, Mentor<\/li>\n<\/ul>\n<p><strong>Montreal Judges<\/strong><\/p>\n<ul> \t\n<li>Esraa Elelimy, Amii, TA<\/li>\n\n<li>Gabrielle Hurtubise-Radet, Mila, Speaker<\/li>\n\n<li>Sedef Kocak, Vector Institute, Mentor<\/li>\n<\/ul>\n<p><strong>Toronto Judges<\/strong><\/p>\n<ul> \t\n<li>Eniola Alese, Google, Mentor<\/li>\n\n<li>Hugo Berard, Mila, TA<\/li>\n\n<li>Kira Lussier, CIFAR, Partner representative<\/li>\n<\/ul>\n<h3>\n\t\tMontreal Accelerator Award Recipients\n\t<\/h3>\n\t\t\t\t<img decoding=\"async\" src=\"https:\/\/www.ai4goodlab.com\/wp-content\/uploads\/2023\/07\/MILA-AI4Good-2023-01976-1000px.jpg\" alt=\"Recyclo team members: Blue Namba, Rency Waneskehian, Zhen Xu, Dejun Yang, Haiqi Zhou\" itemprop=\"image\" height=\"667\" width=\"1000\" title=\"MILA-AI4Good-2023-01976-1000px\" onerror=\"this.style.display='none'\">\n\t\t\t\t<img decoding=\"async\" src=\"https:\/\/www.ai4goodlab.com\/wp-content\/uploads\/2023\/07\/2023_AI4GoodLab_Logo_Montreal4.png\" alt=\"Recyclo\" itemprop=\"image\" height=\"300\" width=\"300\" title=\"2023_AI4GoodLab_Logo_Montreal4\" onerror=\"this.style.display='none'\">\n\t<p><strong>Recyclo<\/strong><\/p>\n<p>Make better recycling decisions with Recyclo &#8211; our AI-powered image detection guides your waste to the right destination.<\/p>\n<p><strong>Team members:<\/strong> Blue&nbsp;Namba, Rency&nbsp;Waneskehian, Zhen&nbsp;Xu, Dejun&nbsp;Yang, Haiqi&nbsp;Zhou<\/p>\n<p><strong>Mentor:<\/strong> Abbas&nbsp;Mehrabian<\/p>\n<p><strong>TA:<\/strong> Krishna Maneesha&nbsp;Dendukuri<\/p>\n<h3>\n\t\tToronto Accelerator Award Recipients\n\t<\/h3>\n\t\t\t\t<img decoding=\"async\" src=\"https:\/\/www.ai4goodlab.com\/wp-content\/uploads\/2023\/07\/MILA-AI4Good-2023-02088-1000px.jpg\" alt=\"SafeT.First team members: Chloe Abbruzzese, Yllka Bojku, Cynthia Lam, Harjot Kaur Grewal, Samira Fairuz Ahmed, Dhwani Patel\" itemprop=\"image\" height=\"667\" width=\"1000\" title=\"MILA-AI4Good-2023-02088-1000px\" onerror=\"this.style.display='none'\">\n\t\t\t\t<img decoding=\"async\" src=\"https:\/\/www.ai4goodlab.com\/wp-content\/uploads\/2023\/07\/2023_AI4GoodLab_Logo_Toronto5.png\" alt=\"SafeT.First\" itemprop=\"image\" height=\"300\" width=\"300\" title=\"2023_AI4GoodLab_Logo_Toronto5\" onerror=\"this.style.display='none'\">\n\t<p><strong>SafeT.First<\/strong><\/p>\n<p>SafeT.First harnesses the power of ML models and historical crime data to provide Toronto&rsquo;s pedestrians with safer route options, ensuring peace of mind on every&nbsp;walk.<\/p>\n<p><strong>Team members:<\/strong> Chloe&nbsp;Abbruzzese, Yllka&nbsp;Bojku, Cynthia&nbsp;Lam, Harjot Kaur&nbsp;Grewal, Samira Fairuz&nbsp;Ahmed, Dhwani&nbsp;Patel<\/p>\n<p><strong>Mentor:<\/strong> Tahniat&nbsp;Khan <\/p>\n<p><strong>TA: <\/strong>Yanan Wang<\/p>\n<h3>\n\t\tEdmonton Accelerator Award Recipients\n\t<\/h3>\n\t\t\t\t<img decoding=\"async\" src=\"https:\/\/www.ai4goodlab.com\/wp-content\/uploads\/2023\/07\/MILA-AI4Good-2023-02090-1000px.jpg\" alt=\"PlatePal team members: Urim Iyasere, Sana Shams, Aesha Patel,Tanya, Anh Vo\" itemprop=\"image\" height=\"667\" width=\"1000\" title=\"MILA-AI4Good-2023-02090-1000px\" onerror=\"this.style.display='none'\">\n\t\t\t\t<img decoding=\"async\" src=\"https:\/\/www.ai4goodlab.com\/wp-content\/uploads\/2023\/07\/2023_AI4GoodLab_Logo_Edmonton1.png\" alt=\"PlatePal\" itemprop=\"image\" height=\"300\" width=\"300\" title=\"2023_AI4GoodLab_Logo_Edmonton1\" onerror=\"this.style.display='none'\">\n\t<p><strong>PlatePal<\/strong><\/p>\n<p>Say goodbye to guesswork: PlatePal analyzes all available choices to create a personalized and efficient grocery&nbsp;plan.<\/p>\n<p><strong>Team members:<\/strong> Urim&nbsp;Iyasere, Sana&nbsp;Shams, Aesha&nbsp;Patel, Tanya, Anh&nbsp;Vo<\/p>\n<p><strong>Mentor:<\/strong> Joud&nbsp;El-Shawa<\/p>\n<p><strong>TA:<\/strong> Samridhi&nbsp;Vaid<\/p>\n<h2>\n\t\tAll projects.\n\t<\/h2>\n\t\t\t\t\t\tMontreal projects\n\t\t\t\t\t\n\t\t\t\t\t\tToronto projects\n\t\t\t\t\t\n\t\t\t\t\t\tEdmonton projects\n\t\t\t\n","protected":false},"excerpt":{"rendered":"<p>On June 20th, 2023, 80 trainees who participated in the AI4Good Lab initiative, which aims to make AI education more inclusive, presented at Mila the 15&nbsp;machine learning prototypes they built over three weeks, applying knowledge gained from the program&rsquo;s curriculum and exploring how AI can be used to address societal challenges. Each team presented their&hellip;<\/p>\n","protected":false},"author":8,"featured_media":6320,"comment_status":"closed","ping_status":"open","sticky":false,"template":"","format":"standard","meta":{"inline_featured_image":false,"footnotes":""},"categories":[24],"tags":[],"class_list":["post-6305","post","type-post","status-publish","format-standard","has-post-thumbnail","hentry","category-announcements"],"yoast_head":"<!-- This site is optimized with the Yoast SEO plugin v27.5 - https:\/\/yoast.com\/product\/yoast-seo-wordpress\/ -->\n<title>AI4Good Lab 2023: 15 AI prototypes to change the\u00a0world - AI4Good Lab<\/title>\n<meta name=\"robots\" content=\"index, follow, max-snippet:-1, max-image-preview:large, max-video-preview:-1\" \/>\n<link rel=\"canonical\" href=\"https:\/\/www.ai4goodlab.com\/fr\/news\/announcements\/2023\/06\/22\/ai4good-lab-2023-15-ai-prototypes-to-change-the-world\/\" \/>\n<meta property=\"og:locale\" content=\"fr_FR\" \/>\n<meta property=\"og:type\" content=\"article\" \/>\n<meta property=\"og:title\" content=\"AI4Good Lab 2023: 15 AI prototypes to change the\u00a0world - AI4Good Lab\" \/>\n<meta property=\"og:description\" content=\"On June 20th, 2023, 80 trainees who participated in the AI4Good Lab initiative, which aims to make AI education more inclusive, presented at Mila the 15&nbsp;machine learning prototypes they built over three weeks, applying knowledge gained from the program&rsquo;s curriculum and exploring how AI can be used to address societal challenges. Each team presented their&hellip;\" \/>\n<meta property=\"og:url\" content=\"https:\/\/www.ai4goodlab.com\/fr\/news\/announcements\/2023\/06\/22\/ai4good-lab-2023-15-ai-prototypes-to-change-the-world\/\" \/>\n<meta property=\"og:site_name\" content=\"AI4Good Lab\" \/>\n<meta property=\"article:published_time\" content=\"2023-06-22T22:09:04+00:00\" \/>\n<meta property=\"article:modified_time\" content=\"2023-07-14T15:34:58+00:00\" \/>\n<meta property=\"og:image\" content=\"https:\/\/www.ai4goodlab.com\/wp-content\/uploads\/2023\/07\/MILA-AI4Good-2023_Cohorts-02339-feature.jpg\" \/>\n\t<meta property=\"og:image:width\" content=\"1000\" \/>\n\t<meta property=\"og:image:height\" content=\"537\" \/>\n\t<meta property=\"og:image:type\" content=\"image\/jpeg\" \/>\n<meta name=\"author\" content=\"AI4Good Lab\" \/>\n<meta name=\"twitter:card\" content=\"summary_large_image\" \/>\n<meta name=\"twitter:label1\" content=\"\u00c9crit par\" \/>\n\t<meta name=\"twitter:data1\" content=\"AI4Good Lab\" \/>\n\t<meta name=\"twitter:label2\" content=\"Dur\u00e9e de lecture estim\u00e9e\" \/>\n\t<meta name=\"twitter:data2\" content=\"6 minutes\" \/>\n<script type=\"application\/ld+json\" class=\"yoast-schema-graph\">{\"@context\":\"https:\\\/\\\/schema.org\",\"@graph\":[{\"@type\":\"Article\",\"@id\":\"https:\\\/\\\/www.ai4goodlab.com\\\/fr\\\/news\\\/announcements\\\/2023\\\/06\\\/22\\\/ai4good-lab-2023-15-ai-prototypes-to-change-the-world\\\/#article\",\"isPartOf\":{\"@id\":\"https:\\\/\\\/www.ai4goodlab.com\\\/fr\\\/news\\\/announcements\\\/2023\\\/06\\\/22\\\/ai4good-lab-2023-15-ai-prototypes-to-change-the-world\\\/\"},\"author\":{\"name\":\"AI4Good Lab\",\"@id\":\"https:\\\/\\\/www.ai4goodlab.com\\\/fr\\\/#\\\/schema\\\/person\\\/bbed2f2a68fd319efe58bd3372010304\"},\"headline\":\"AI4Good Lab 2023: 15 AI prototypes to change the\u00a0world\",\"datePublished\":\"2023-06-22T22:09:04+00:00\",\"dateModified\":\"2023-07-14T15:34:58+00:00\",\"mainEntityOfPage\":{\"@id\":\"https:\\\/\\\/www.ai4goodlab.com\\\/fr\\\/news\\\/announcements\\\/2023\\\/06\\\/22\\\/ai4good-lab-2023-15-ai-prototypes-to-change-the-world\\\/\"},\"wordCount\":1099,\"image\":{\"@id\":\"https:\\\/\\\/www.ai4goodlab.com\\\/fr\\\/news\\\/announcements\\\/2023\\\/06\\\/22\\\/ai4good-lab-2023-15-ai-prototypes-to-change-the-world\\\/#primaryimage\"},\"thumbnailUrl\":\"https:\\\/\\\/www.ai4goodlab.com\\\/wp-content\\\/uploads\\\/2023\\\/07\\\/MILA-AI4Good-2023_Cohorts-02339-feature.jpg\",\"articleSection\":[\"Announcements\"],\"inLanguage\":\"fr-FR\"},{\"@type\":\"WebPage\",\"@id\":\"https:\\\/\\\/www.ai4goodlab.com\\\/fr\\\/news\\\/announcements\\\/2023\\\/06\\\/22\\\/ai4good-lab-2023-15-ai-prototypes-to-change-the-world\\\/\",\"url\":\"https:\\\/\\\/www.ai4goodlab.com\\\/fr\\\/news\\\/announcements\\\/2023\\\/06\\\/22\\\/ai4good-lab-2023-15-ai-prototypes-to-change-the-world\\\/\",\"name\":\"AI4Good Lab 2023: 15 AI prototypes to change the\u00a0world - AI4Good Lab\",\"isPartOf\":{\"@id\":\"https:\\\/\\\/www.ai4goodlab.com\\\/fr\\\/#website\"},\"primaryImageOfPage\":{\"@id\":\"https:\\\/\\\/www.ai4goodlab.com\\\/fr\\\/news\\\/announcements\\\/2023\\\/06\\\/22\\\/ai4good-lab-2023-15-ai-prototypes-to-change-the-world\\\/#primaryimage\"},\"image\":{\"@id\":\"https:\\\/\\\/www.ai4goodlab.com\\\/fr\\\/news\\\/announcements\\\/2023\\\/06\\\/22\\\/ai4good-lab-2023-15-ai-prototypes-to-change-the-world\\\/#primaryimage\"},\"thumbnailUrl\":\"https:\\\/\\\/www.ai4goodlab.com\\\/wp-content\\\/uploads\\\/2023\\\/07\\\/MILA-AI4Good-2023_Cohorts-02339-feature.jpg\",\"datePublished\":\"2023-06-22T22:09:04+00:00\",\"dateModified\":\"2023-07-14T15:34:58+00:00\",\"author\":{\"@id\":\"https:\\\/\\\/www.ai4goodlab.com\\\/fr\\\/#\\\/schema\\\/person\\\/bbed2f2a68fd319efe58bd3372010304\"},\"breadcrumb\":{\"@id\":\"https:\\\/\\\/www.ai4goodlab.com\\\/fr\\\/news\\\/announcements\\\/2023\\\/06\\\/22\\\/ai4good-lab-2023-15-ai-prototypes-to-change-the-world\\\/#breadcrumb\"},\"inLanguage\":\"fr-FR\",\"potentialAction\":[{\"@type\":\"ReadAction\",\"target\":[\"https:\\\/\\\/www.ai4goodlab.com\\\/fr\\\/news\\\/announcements\\\/2023\\\/06\\\/22\\\/ai4good-lab-2023-15-ai-prototypes-to-change-the-world\\\/\"]}]},{\"@type\":\"ImageObject\",\"inLanguage\":\"fr-FR\",\"@id\":\"https:\\\/\\\/www.ai4goodlab.com\\\/fr\\\/news\\\/announcements\\\/2023\\\/06\\\/22\\\/ai4good-lab-2023-15-ai-prototypes-to-change-the-world\\\/#primaryimage\",\"url\":\"https:\\\/\\\/www.ai4goodlab.com\\\/wp-content\\\/uploads\\\/2023\\\/07\\\/MILA-AI4Good-2023_Cohorts-02339-feature.jpg\",\"contentUrl\":\"https:\\\/\\\/www.ai4goodlab.com\\\/wp-content\\\/uploads\\\/2023\\\/07\\\/MILA-AI4Good-2023_Cohorts-02339-feature.jpg\",\"width\":1000,\"height\":537,\"caption\":\"AI4Good Lab 2023\"},{\"@type\":\"BreadcrumbList\",\"@id\":\"https:\\\/\\\/www.ai4goodlab.com\\\/fr\\\/news\\\/announcements\\\/2023\\\/06\\\/22\\\/ai4good-lab-2023-15-ai-prototypes-to-change-the-world\\\/#breadcrumb\",\"itemListElement\":[{\"@type\":\"ListItem\",\"position\":1,\"name\":\"Home\",\"item\":\"https:\\\/\\\/www.ai4goodlab.com\\\/fr\\\/\"},{\"@type\":\"ListItem\",\"position\":2,\"name\":\"AI4Good Lab 2023: 15 AI prototypes to change the\u00a0world\"}]},{\"@type\":\"WebSite\",\"@id\":\"https:\\\/\\\/www.ai4goodlab.com\\\/fr\\\/#website\",\"url\":\"https:\\\/\\\/www.ai4goodlab.com\\\/fr\\\/\",\"name\":\"AI4Good Lab\",\"description\":\"We train and mentor women to succeed in AI\",\"potentialAction\":[{\"@type\":\"SearchAction\",\"target\":{\"@type\":\"EntryPoint\",\"urlTemplate\":\"https:\\\/\\\/www.ai4goodlab.com\\\/fr\\\/?s={search_term_string}\"},\"query-input\":{\"@type\":\"PropertyValueSpecification\",\"valueRequired\":true,\"valueName\":\"search_term_string\"}}],\"inLanguage\":\"fr-FR\"},{\"@type\":\"Person\",\"@id\":\"https:\\\/\\\/www.ai4goodlab.com\\\/fr\\\/#\\\/schema\\\/person\\\/bbed2f2a68fd319efe58bd3372010304\",\"name\":\"AI4Good Lab\",\"url\":\"https:\\\/\\\/www.ai4goodlab.com\\\/fr\\\/author\\\/infoai4goodlab-com\\\/\"}]}<\/script>\n<!-- \/ Yoast SEO plugin. -->","yoast_head_json":{"title":"AI4Good Lab 2023: 15 AI prototypes to change the\u00a0world - AI4Good Lab","robots":{"index":"index","follow":"follow","max-snippet":"max-snippet:-1","max-image-preview":"max-image-preview:large","max-video-preview":"max-video-preview:-1"},"canonical":"https:\/\/www.ai4goodlab.com\/fr\/news\/announcements\/2023\/06\/22\/ai4good-lab-2023-15-ai-prototypes-to-change-the-world\/","og_locale":"fr_FR","og_type":"article","og_title":"AI4Good Lab 2023: 15 AI prototypes to change the\u00a0world - AI4Good Lab","og_description":"On June 20th, 2023, 80 trainees who participated in the AI4Good Lab initiative, which aims to make AI education more inclusive, presented at Mila the 15&nbsp;machine learning prototypes they built over three weeks, applying knowledge gained from the program&rsquo;s curriculum and exploring how AI can be used to address societal challenges. Each team presented their&hellip;","og_url":"https:\/\/www.ai4goodlab.com\/fr\/news\/announcements\/2023\/06\/22\/ai4good-lab-2023-15-ai-prototypes-to-change-the-world\/","og_site_name":"AI4Good Lab","article_published_time":"2023-06-22T22:09:04+00:00","article_modified_time":"2023-07-14T15:34:58+00:00","og_image":[{"width":1000,"height":537,"url":"https:\/\/www.ai4goodlab.com\/wp-content\/uploads\/2023\/07\/MILA-AI4Good-2023_Cohorts-02339-feature.jpg","type":"image\/jpeg"}],"author":"AI4Good Lab","twitter_card":"summary_large_image","twitter_misc":{"\u00c9crit par":"AI4Good Lab","Dur\u00e9e de lecture estim\u00e9e":"6 minutes"},"schema":{"@context":"https:\/\/schema.org","@graph":[{"@type":"Article","@id":"https:\/\/www.ai4goodlab.com\/fr\/news\/announcements\/2023\/06\/22\/ai4good-lab-2023-15-ai-prototypes-to-change-the-world\/#article","isPartOf":{"@id":"https:\/\/www.ai4goodlab.com\/fr\/news\/announcements\/2023\/06\/22\/ai4good-lab-2023-15-ai-prototypes-to-change-the-world\/"},"author":{"name":"AI4Good Lab","@id":"https:\/\/www.ai4goodlab.com\/fr\/#\/schema\/person\/bbed2f2a68fd319efe58bd3372010304"},"headline":"AI4Good Lab 2023: 15 AI prototypes to change the\u00a0world","datePublished":"2023-06-22T22:09:04+00:00","dateModified":"2023-07-14T15:34:58+00:00","mainEntityOfPage":{"@id":"https:\/\/www.ai4goodlab.com\/fr\/news\/announcements\/2023\/06\/22\/ai4good-lab-2023-15-ai-prototypes-to-change-the-world\/"},"wordCount":1099,"image":{"@id":"https:\/\/www.ai4goodlab.com\/fr\/news\/announcements\/2023\/06\/22\/ai4good-lab-2023-15-ai-prototypes-to-change-the-world\/#primaryimage"},"thumbnailUrl":"https:\/\/www.ai4goodlab.com\/wp-content\/uploads\/2023\/07\/MILA-AI4Good-2023_Cohorts-02339-feature.jpg","articleSection":["Announcements"],"inLanguage":"fr-FR"},{"@type":"WebPage","@id":"https:\/\/www.ai4goodlab.com\/fr\/news\/announcements\/2023\/06\/22\/ai4good-lab-2023-15-ai-prototypes-to-change-the-world\/","url":"https:\/\/www.ai4goodlab.com\/fr\/news\/announcements\/2023\/06\/22\/ai4good-lab-2023-15-ai-prototypes-to-change-the-world\/","name":"AI4Good Lab 2023: 15 AI prototypes to change the\u00a0world - AI4Good Lab","isPartOf":{"@id":"https:\/\/www.ai4goodlab.com\/fr\/#website"},"primaryImageOfPage":{"@id":"https:\/\/www.ai4goodlab.com\/fr\/news\/announcements\/2023\/06\/22\/ai4good-lab-2023-15-ai-prototypes-to-change-the-world\/#primaryimage"},"image":{"@id":"https:\/\/www.ai4goodlab.com\/fr\/news\/announcements\/2023\/06\/22\/ai4good-lab-2023-15-ai-prototypes-to-change-the-world\/#primaryimage"},"thumbnailUrl":"https:\/\/www.ai4goodlab.com\/wp-content\/uploads\/2023\/07\/MILA-AI4Good-2023_Cohorts-02339-feature.jpg","datePublished":"2023-06-22T22:09:04+00:00","dateModified":"2023-07-14T15:34:58+00:00","author":{"@id":"https:\/\/www.ai4goodlab.com\/fr\/#\/schema\/person\/bbed2f2a68fd319efe58bd3372010304"},"breadcrumb":{"@id":"https:\/\/www.ai4goodlab.com\/fr\/news\/announcements\/2023\/06\/22\/ai4good-lab-2023-15-ai-prototypes-to-change-the-world\/#breadcrumb"},"inLanguage":"fr-FR","potentialAction":[{"@type":"ReadAction","target":["https:\/\/www.ai4goodlab.com\/fr\/news\/announcements\/2023\/06\/22\/ai4good-lab-2023-15-ai-prototypes-to-change-the-world\/"]}]},{"@type":"ImageObject","inLanguage":"fr-FR","@id":"https:\/\/www.ai4goodlab.com\/fr\/news\/announcements\/2023\/06\/22\/ai4good-lab-2023-15-ai-prototypes-to-change-the-world\/#primaryimage","url":"https:\/\/www.ai4goodlab.com\/wp-content\/uploads\/2023\/07\/MILA-AI4Good-2023_Cohorts-02339-feature.jpg","contentUrl":"https:\/\/www.ai4goodlab.com\/wp-content\/uploads\/2023\/07\/MILA-AI4Good-2023_Cohorts-02339-feature.jpg","width":1000,"height":537,"caption":"AI4Good Lab 2023"},{"@type":"BreadcrumbList","@id":"https:\/\/www.ai4goodlab.com\/fr\/news\/announcements\/2023\/06\/22\/ai4good-lab-2023-15-ai-prototypes-to-change-the-world\/#breadcrumb","itemListElement":[{"@type":"ListItem","position":1,"name":"Home","item":"https:\/\/www.ai4goodlab.com\/fr\/"},{"@type":"ListItem","position":2,"name":"AI4Good Lab 2023: 15 AI prototypes to change the\u00a0world"}]},{"@type":"WebSite","@id":"https:\/\/www.ai4goodlab.com\/fr\/#website","url":"https:\/\/www.ai4goodlab.com\/fr\/","name":"AI4Good Lab","description":"We train and mentor women to succeed in AI","potentialAction":[{"@type":"SearchAction","target":{"@type":"EntryPoint","urlTemplate":"https:\/\/www.ai4goodlab.com\/fr\/?s={search_term_string}"},"query-input":{"@type":"PropertyValueSpecification","valueRequired":true,"valueName":"search_term_string"}}],"inLanguage":"fr-FR"},{"@type":"Person","@id":"https:\/\/www.ai4goodlab.com\/fr\/#\/schema\/person\/bbed2f2a68fd319efe58bd3372010304","name":"AI4Good Lab","url":"https:\/\/www.ai4goodlab.com\/fr\/author\/infoai4goodlab-com\/"}]}},"_links":{"self":[{"href":"https:\/\/www.ai4goodlab.com\/fr\/wp-json\/wp\/v2\/posts\/6305","targetHints":{"allow":["GET"]}}],"collection":[{"href":"https:\/\/www.ai4goodlab.com\/fr\/wp-json\/wp\/v2\/posts"}],"about":[{"href":"https:\/\/www.ai4goodlab.com\/fr\/wp-json\/wp\/v2\/types\/post"}],"author":[{"embeddable":true,"href":"https:\/\/www.ai4goodlab.com\/fr\/wp-json\/wp\/v2\/users\/8"}],"replies":[{"embeddable":true,"href":"https:\/\/www.ai4goodlab.com\/fr\/wp-json\/wp\/v2\/comments?post=6305"}],"version-history":[{"count":0,"href":"https:\/\/www.ai4goodlab.com\/fr\/wp-json\/wp\/v2\/posts\/6305\/revisions"}],"wp:featuredmedia":[{"embeddable":true,"href":"https:\/\/www.ai4goodlab.com\/fr\/wp-json\/wp\/v2\/media\/6320"}],"wp:attachment":[{"href":"https:\/\/www.ai4goodlab.com\/fr\/wp-json\/wp\/v2\/media?parent=6305"}],"wp:term":[{"taxonomy":"category","embeddable":true,"href":"https:\/\/www.ai4goodlab.com\/fr\/wp-json\/wp\/v2\/categories?post=6305"},{"taxonomy":"post_tag","embeddable":true,"href":"https:\/\/www.ai4goodlab.com\/fr\/wp-json\/wp\/v2\/tags?post=6305"}],"curies":[{"name":"wp","href":"https:\/\/api.w.org\/{rel}","templated":true}]}}